{"id":9113,"date":"2025-04-21T11:20:44","date_gmt":"2025-04-21T09:20:44","guid":{"rendered":"https:\/\/www.univ-alger.dz\/?p=9113"},"modified":"2025-04-21T11:20:46","modified_gmt":"2025-04-21T09:20:46","slug":"9113","status":"publish","type":"post","link":"https:\/\/www.univ-alger.dz\/?p=9113&lang=fr","title":{"rendered":""},"content":{"rendered":"\n<p>C\u00e9l\u00e9bration de la Journ\u00e9e nationale du savoir \u00e0 l\u2019Universit\u00e9 d\u2019Alger 1 le 16 avril<\/p>\n\n\n\n<p>L\u2019Universit\u00e9 d\u2019Alger 1 Benyoucef Benkhedda a c\u00e9l\u00e9br\u00e9 le 16 avril 2025 la Journ\u00e9e nationale du savoir \u00e0 la Maison de l\u2019intelligence artificielle sous la supervision du professeur Far\u00e8s Mokhtari recteur de l\u2019universit\u00e9 et en coordination avec la Direction g\u00e9n\u00e9rale de la s\u00fbret\u00e9 nationale ainsi que plusieurs clubs scientifiques<\/p>\n\n\n\n<p>La c\u00e9r\u00e9monie a \u00e9t\u00e9 marqu\u00e9e par la pr\u00e9sence de personnalit\u00e9s \u00e9minentes dont le pr\u00e9sident de la Commission de l\u2019\u00e9ducation \u00e0 l\u2019Assembl\u00e9e populaire nationale un repr\u00e9sentant de la Cour supr\u00eame ainsi que de hauts cadres de l\u2019\u00c9tat Dans son discours d\u2019ouverture le recteur de l\u2019universit\u00e9 a rappel\u00e9 les r\u00e9alisations du savant Abdelhamid Ben Badis et le r\u00f4le central des savants \u00ab Oulamas \u00bb &nbsp;dans la r\u00e9sistance \u00e0 la colonisation fran\u00e7aise qui visait \u00e0 effacer l\u2019identit\u00e9 nationale soulignant l\u2019importance du savoir et de la conscience nationale dans le processus de d\u00e9veloppement et de prosp\u00e9rit\u00e9 du pays<\/p>\n\n\n\n<p>Le programme de la c\u00e9l\u00e9bration comprenait diverses activit\u00e9s \u00e0 commencer par la projection d\u2019une vid\u00e9o sur la Journ\u00e9e du savoir suivie d\u2019une intervention de valeur assur\u00e9e par le professeur Yahia Sari vice-pr\u00e9sident de l\u2019Association des oulamas musulmans alg\u00e9riens Dans la s\u00e9quence Flash Talk les \u00e9tudiants ont pr\u00e9sent\u00e9 des interventions br\u00e8ves et innovantes Le programme a \u00e9galement \u00e9t\u00e9 enrichi par une conf\u00e9rence scientifique sur la cybercriminalit\u00e9 \u00e0 l\u2019\u00e8re des technologies de communication modernes pr\u00e9sent\u00e9e par monsieur Amine Belkhairi commissaire de police \u00e0 la cellule de lutte contre la criminalit\u00e9 et monsieur Walid Sa\u00efdani officier principal de police<\/p>\n\n\n\n<p>Madame Fatoum Slimani commissaire de police \u00e0 la Direction g\u00e9n\u00e9rale de la police a contribu\u00e9 au programme par une intervention sur la cr\u00e9ation de contenus de sensibilisation pour lutter contre la criminalit\u00e9 sur les plateformes num\u00e9riques Par ailleurs l\u2019\u00e9tudiant Rafik Bazin a partag\u00e9 son exp\u00e9rience inspirante apr\u00e8s avoir obtenu une bourse d\u2019\u00e9tude gratuite \u00e0 l\u2019Institut sup\u00e9rieur des sciences<\/p>\n\n\n\n<p>La c\u00e9l\u00e9bration a \u00e9galement comport\u00e9 deux ateliers sp\u00e9cialis\u00e9s l\u2019un sur la cybercriminalit\u00e9 et l\u2019autre sur le design graphique en plus de diverses expositions d\u2019\u00e9quipements scientifiques et d\u2019\u0153uvres artistiques t\u00e9moignant de l\u2019engagement de l\u2019Universit\u00e9 d\u2019Alger 1 Benyoucef Benkhedda \u00e0 promouvoir le r\u00f4le du savoir et de la connaissance dans la construction et le d\u00e9veloppement de la soci\u00e9t\u00e9<\/p>\n","protected":false},"excerpt":{"rendered":"<p>C\u00e9l\u00e9bration de la Journ\u00e9e nationale du savoir \u00e0 l\u2019Universit\u00e9 d\u2019Alger 1 le 16 avril L\u2019Universit\u00e9 d\u2019Alger 1 Benyoucef Benkhedda a<\/p>\n","protected":false},"author":1,"featured_media":9114,"comment_status":"closed","ping_status":"open","sticky":false,"template":"","format":"standard","meta":{"footnotes":""},"categories":[20],"tags":[],"class_list":["post-9113","post","type-post","status-publish","format-standard","has-post-thumbnail","hentry","category-evenements"],"_links":{"self":[{"href":"https:\/\/www.univ-alger.dz\/index.php?rest_route=\/wp\/v2\/posts\/9113","targetHints":{"allow":["GET"]}}],"collection":[{"href":"https:\/\/www.univ-alger.dz\/index.php?rest_route=\/wp\/v2\/posts"}],"about":[{"href":"https:\/\/www.univ-alger.dz\/index.php?rest_route=\/wp\/v2\/types\/post"}],"author":[{"embeddable":true,"href":"https:\/\/www.univ-alger.dz\/index.php?rest_route=\/wp\/v2\/users\/1"}],"replies":[{"embeddable":true,"href":"https:\/\/www.univ-alger.dz\/index.php?rest_route=%2Fwp%2Fv2%2Fcomments&post=9113"}],"version-history":[{"count":1,"href":"https:\/\/www.univ-alger.dz\/index.php?rest_route=\/wp\/v2\/posts\/9113\/revisions"}],"predecessor-version":[{"id":9115,"href":"https:\/\/www.univ-alger.dz\/index.php?rest_route=\/wp\/v2\/posts\/9113\/revisions\/9115"}],"wp:featuredmedia":[{"embeddable":true,"href":"https:\/\/www.univ-alger.dz\/index.php?rest_route=\/wp\/v2\/media\/9114"}],"wp:attachment":[{"href":"https:\/\/www.univ-alger.dz\/index.php?rest_route=%2Fwp%2Fv2%2Fmedia&parent=9113"}],"wp:term":[{"taxonomy":"category","embeddable":true,"href":"https:\/\/www.univ-alger.dz\/index.php?rest_route=%2Fwp%2Fv2%2Fcategories&post=9113"},{"taxonomy":"post_tag","embeddable":true,"href":"https:\/\/www.univ-alger.dz\/index.php?rest_route=%2Fwp%2Fv2%2Ftags&post=9113"}],"curies":[{"name":"wp","href":"https:\/\/api.w.org\/{rel}","templated":true}]}}