{"id":5808,"date":"2024-04-23T11:37:16","date_gmt":"2024-04-23T09:37:16","guid":{"rendered":"https:\/\/www.univ-alger.dz\/?p=5808"},"modified":"2024-04-23T11:37:18","modified_gmt":"2024-04-23T09:37:18","slug":"5808","status":"publish","type":"post","link":"https:\/\/www.univ-alger.dz\/?p=5808&lang=fr","title":{"rendered":""},"content":{"rendered":"\n<p><strong>Le recteur de l&rsquo;Universit\u00e9 d&rsquo;Alger 1 a pr\u00e9sid\u00e9 une r\u00e9union de coordination<\/strong><\/p>\n\n\n\n<p>Le recteur de l&rsquo;Universit\u00e9 d&rsquo;Alger 1, Professeur Fares Mokhtari, a pr\u00e9sid\u00e9 aujourd&rsquo;hui, dimanche 21 avril 2024, une r\u00e9union de coordination dans la salle de r\u00e9union en pr\u00e9sence des vice-recteurs et des repr\u00e9sentants des cinq doyens des facult\u00e9s, du secr\u00e9taire g\u00e9n\u00e9ral de l&rsquo;universit\u00e9 et des ing\u00e9nieurs du centre de calcul. L&rsquo;ordre du jour comprenait trois points principaux : Premi\u00e8rement, l&rsquo;ajustement de l&#8217;emploi du temps et la d\u00e9signation des salles, avec des instructions du recteur pour suivre la charge horaire de chaque mati\u00e8re enseign\u00e9e et fournir le nombre n\u00e9cessaire de professeurs pour assurer le bon d\u00e9roulement du calendrier \u00e9tabli, ainsi que pour normaliser la d\u00e9signation des salles afin de faciliter l&rsquo;acc\u00e8s des \u00e9tudiants \u00e0 travers des applications d\u00e9di\u00e9es. Deuxi\u00e8mement, la pr\u00e9paration de la r\u00e9union du conseil d&rsquo;administration, avec une insistance du recteur sur la n\u00e9cessit\u00e9 de finaliser les dossiers pour les pr\u00e9senter aux membres du conseil lors de la prochaine r\u00e9union, notamment en ce qui concerne les chapitres budg\u00e9taires et leur gestion, ainsi que des statistiques importantes concernant les vice-rectorats de l&rsquo;universit\u00e9. Troisi\u00e8mement, la discussion de la pr\u00e9paration des concours d&rsquo;admission \u00e0 la formation du troisi\u00e8me cycle pour l&rsquo;ann\u00e9e universitaire 2024-2025, avec une pr\u00e9sentation des places p\u00e9dagogiques demand\u00e9es par l&rsquo;universit\u00e9 dans diverses fili\u00e8res telles que l&rsquo;informatique, les math\u00e9matiques, la biologie, l&rsquo;architecture, le droit et les sciences islamiques, ainsi qu&rsquo;une approche nouvelle pour l&rsquo;organisation des concours cette ann\u00e9e dans le cadre des \u00e9coles doctorales r\u00e9gionales ou nationales conform\u00e9ment \u00e0 la d\u00e9cision dat\u00e9e du 2 ao\u00fbt 2022. Enfin, le recteur a donn\u00e9 des instructions pour une pr\u00e9paration minutieuse des offres de formation et leur inclusion sur la plateforme ProgreS dans les d\u00e9lais impartis, accompagn\u00e9es des accords conclus avec les partenaires \u00e9conomiques et sociaux, en vue d&rsquo;une \u00e9valuation. Une autre r\u00e9union aura lieu d\u00e8s l&rsquo;annonce des offres de formation accept\u00e9es, pour discuter des pr\u00e9paratifs logistiques de la concours. D&rsquo;autres questions connexes ont \u00e9t\u00e9 soulev\u00e9es lors de la r\u00e9union, auxquelles le recteur et ses adjoints ont fourni des clarifications r\u00e9pondant \u00e0 toutes les interrogations.<\/p>\n","protected":false},"excerpt":{"rendered":"<p>Le recteur de l&rsquo;Universit\u00e9 d&rsquo;Alger 1 a pr\u00e9sid\u00e9 une r\u00e9union de coordination Le recteur de l&rsquo;Universit\u00e9 d&rsquo;Alger 1, Professeur Fares<\/p>\n","protected":false},"author":1,"featured_media":5809,"comment_status":"closed","ping_status":"open","sticky":false,"template":"","format":"standard","meta":{"footnotes":""},"categories":[157],"tags":[],"class_list":["post-5808","post","type-post","status-publish","format-standard","has-post-thumbnail","hentry","category-reunions-periodiques"],"_links":{"self":[{"href":"https:\/\/www.univ-alger.dz\/index.php?rest_route=\/wp\/v2\/posts\/5808","targetHints":{"allow":["GET"]}}],"collection":[{"href":"https:\/\/www.univ-alger.dz\/index.php?rest_route=\/wp\/v2\/posts"}],"about":[{"href":"https:\/\/www.univ-alger.dz\/index.php?rest_route=\/wp\/v2\/types\/post"}],"author":[{"embeddable":true,"href":"https:\/\/www.univ-alger.dz\/index.php?rest_route=\/wp\/v2\/users\/1"}],"replies":[{"embeddable":true,"href":"https:\/\/www.univ-alger.dz\/index.php?rest_route=%2Fwp%2Fv2%2Fcomments&post=5808"}],"version-history":[{"count":1,"href":"https:\/\/www.univ-alger.dz\/index.php?rest_route=\/wp\/v2\/posts\/5808\/revisions"}],"predecessor-version":[{"id":5810,"href":"https:\/\/www.univ-alger.dz\/index.php?rest_route=\/wp\/v2\/posts\/5808\/revisions\/5810"}],"wp:featuredmedia":[{"embeddable":true,"href":"https:\/\/www.univ-alger.dz\/index.php?rest_route=\/wp\/v2\/media\/5809"}],"wp:attachment":[{"href":"https:\/\/www.univ-alger.dz\/index.php?rest_route=%2Fwp%2Fv2%2Fmedia&parent=5808"}],"wp:term":[{"taxonomy":"category","embeddable":true,"href":"https:\/\/www.univ-alger.dz\/index.php?rest_route=%2Fwp%2Fv2%2Fcategories&post=5808"},{"taxonomy":"post_tag","embeddable":true,"href":"https:\/\/www.univ-alger.dz\/index.php?rest_route=%2Fwp%2Fv2%2Ftags&post=5808"}],"curies":[{"name":"wp","href":"https:\/\/api.w.org\/{rel}","templated":true}]}}