{"id":5663,"date":"2024-03-27T13:40:07","date_gmt":"2024-03-27T12:40:07","guid":{"rendered":"https:\/\/www.univ-alger.dz\/?p=5663"},"modified":"2024-03-27T13:48:03","modified_gmt":"2024-03-27T12:48:03","slug":"5663","status":"publish","type":"post","link":"https:\/\/www.univ-alger.dz\/?p=5663&lang=fr","title":{"rendered":""},"content":{"rendered":"\n<p><strong>Supervision du lancement de la plateforme num\u00e9rique des services universitaires par le recteur de l&rsquo;universit\u00e9 d&rsquo;Alger 1.<\/strong><\/p>\n\n\n\n<p>Aujourd&rsquo;hui, lundi 25 mars 2024, le Professeur Far\u00e8s Mokhtari, recteur de l&rsquo;Universit\u00e9 d&rsquo;Alger 1 Benyoucef Benkhedda, a pr\u00e9sid\u00e9 une r\u00e9union importante pour lancer la nouvelle plateforme num\u00e9rique des \u0153uvres sociales, dans le cadre de la mise en \u0153uvre des d\u00e9cisions minist\u00e9rielles concernant la num\u00e9risation du secteur de l&rsquo;enseignement sup\u00e9rieur et la politique du \u00ab\u00a0z\u00e9ro papier\u00a0\u00bb. Lors de la r\u00e9union, des vice-recteur de l&rsquo;universit\u00e9, des doyens des facult\u00e9s, des pr\u00e9sidents des comit\u00e9s des \u0153uvres sociales des cinq facult\u00e9s, ainsi que des repr\u00e9sentants des syndicats des enseignants et du personnel, et plusieurs partenaires sociaux \u00e9taient pr\u00e9sents. Le Professeur Far\u00e8s Mokhtari a prononc\u00e9 un discours d&rsquo;ouverture, mettant en avant l&rsquo;importance de la num\u00e9risation et la n\u00e9cessit\u00e9 de cr\u00e9er de nouvelles plateformes pour g\u00e9rer l&rsquo;universit\u00e9 de mani\u00e8re efficace, y compris la nouvelle plateforme num\u00e9rique des \u0153uvres sociales qui r\u00e9pondra aux sp\u00e9cificit\u00e9s des programmes sociaux de chaque facult\u00e9 individuellement, facilitant les proc\u00e9dures administratives du comit\u00e9 des \u0153uvres sociales, \u00e9conomisant ainsi effort et temps dans le suivi de ces proc\u00e9dures. Il a \u00e9galement soulign\u00e9 l&rsquo;importance de pr\u00e9server la confidentialit\u00e9 des dossiers des enseignants et du personnel. La r\u00e9union a inclus une explication d\u00e9taill\u00e9e de la plateforme num\u00e9rique par l&rsquo;ing\u00e9nieur Larbi Khaldi, superviseur de la plateforme. Un large d\u00e9bat a \u00e9t\u00e9 ouvert, mettant en avant l&rsquo;appr\u00e9ciation des partenaires sociaux pour cette initiative positive. Le recteur de l&rsquo;universit\u00e9 et l&rsquo;ing\u00e9nieur responsable de la plateforme ont r\u00e9pondu aux questions soulev\u00e9es sur les m\u00e9canismes d&rsquo;activation de la plateforme et son fonctionnement.<\/p>\n","protected":false},"excerpt":{"rendered":"<p>Supervision du lancement de la plateforme num\u00e9rique des services universitaires par le recteur de l&rsquo;universit\u00e9 d&rsquo;Alger 1. Aujourd&rsquo;hui, lundi 25<\/p>\n","protected":false},"author":1,"featured_media":5666,"comment_status":"closed","ping_status":"open","sticky":false,"template":"","format":"standard","meta":{"footnotes":""},"categories":[20,157],"tags":[],"class_list":["post-5663","post","type-post","status-publish","format-standard","has-post-thumbnail","hentry","category-evenements","category-reunions-periodiques"],"_links":{"self":[{"href":"https:\/\/www.univ-alger.dz\/index.php?rest_route=\/wp\/v2\/posts\/5663","targetHints":{"allow":["GET"]}}],"collection":[{"href":"https:\/\/www.univ-alger.dz\/index.php?rest_route=\/wp\/v2\/posts"}],"about":[{"href":"https:\/\/www.univ-alger.dz\/index.php?rest_route=\/wp\/v2\/types\/post"}],"author":[{"embeddable":true,"href":"https:\/\/www.univ-alger.dz\/index.php?rest_route=\/wp\/v2\/users\/1"}],"replies":[{"embeddable":true,"href":"https:\/\/www.univ-alger.dz\/index.php?rest_route=%2Fwp%2Fv2%2Fcomments&post=5663"}],"version-history":[{"count":2,"href":"https:\/\/www.univ-alger.dz\/index.php?rest_route=\/wp\/v2\/posts\/5663\/revisions"}],"predecessor-version":[{"id":5667,"href":"https:\/\/www.univ-alger.dz\/index.php?rest_route=\/wp\/v2\/posts\/5663\/revisions\/5667"}],"wp:featuredmedia":[{"embeddable":true,"href":"https:\/\/www.univ-alger.dz\/index.php?rest_route=\/wp\/v2\/media\/5666"}],"wp:attachment":[{"href":"https:\/\/www.univ-alger.dz\/index.php?rest_route=%2Fwp%2Fv2%2Fmedia&parent=5663"}],"wp:term":[{"taxonomy":"category","embeddable":true,"href":"https:\/\/www.univ-alger.dz\/index.php?rest_route=%2Fwp%2Fv2%2Fcategories&post=5663"},{"taxonomy":"post_tag","embeddable":true,"href":"https:\/\/www.univ-alger.dz\/index.php?rest_route=%2Fwp%2Fv2%2Ftags&post=5663"}],"curies":[{"name":"wp","href":"https:\/\/api.w.org\/{rel}","templated":true}]}}