{"id":4377,"date":"2023-12-03T18:32:56","date_gmt":"2023-12-03T17:32:56","guid":{"rendered":"https:\/\/www.univ-alger.dz\/?p=4377"},"modified":"2023-12-03T18:32:58","modified_gmt":"2023-12-03T17:32:58","slug":"4377","status":"publish","type":"post","link":"https:\/\/www.univ-alger.dz\/?p=4377&lang=fr","title":{"rendered":""},"content":{"rendered":"\n<p><strong>l&rsquo;Universit\u00e9 d&rsquo;Alger 1 accueille les \u00e9v\u00e9nements comm\u00e9morant la Journ\u00e9e nationale de solidarit\u00e9 avec la Palestine.<\/strong><\/p>\n\n\n\n<figure class=\"wp-block-image size-full is-resized\"><img loading=\"lazy\" decoding=\"async\" width=\"960\" height=\"640\" src=\"https:\/\/www.univ-alger.dz\/wp-content\/uploads\/2023\/11\/402943380_307897792092074_1750067672414492321_n-1.jpg\" alt=\"\" class=\"wp-image-4351\" style=\"aspect-ratio:1.5;width:681px;height:auto\" srcset=\"https:\/\/www.univ-alger.dz\/wp-content\/uploads\/2023\/11\/402943380_307897792092074_1750067672414492321_n-1.jpg 960w, https:\/\/www.univ-alger.dz\/wp-content\/uploads\/2023\/11\/402943380_307897792092074_1750067672414492321_n-1-300x200.jpg 300w, https:\/\/www.univ-alger.dz\/wp-content\/uploads\/2023\/11\/402943380_307897792092074_1750067672414492321_n-1-768x512.jpg 768w\" sizes=\"auto, (max-width: 960px) 100vw, 960px\" \/><\/figure>\n\n\n\n<figure class=\"wp-block-image size-full is-resized\"><img loading=\"lazy\" decoding=\"async\" width=\"960\" height=\"640\" src=\"https:\/\/www.univ-alger.dz\/wp-content\/uploads\/2023\/11\/406337892_313132178219208_5446787775700053912_n.jpg\" alt=\"\" class=\"wp-image-4350\" style=\"aspect-ratio:1.5;width:686px;height:auto\" srcset=\"https:\/\/www.univ-alger.dz\/wp-content\/uploads\/2023\/11\/406337892_313132178219208_5446787775700053912_n.jpg 960w, https:\/\/www.univ-alger.dz\/wp-content\/uploads\/2023\/11\/406337892_313132178219208_5446787775700053912_n-300x200.jpg 300w, https:\/\/www.univ-alger.dz\/wp-content\/uploads\/2023\/11\/406337892_313132178219208_5446787775700053912_n-768x512.jpg 768w\" sizes=\"auto, (max-width: 960px) 100vw, 960px\" \/><\/figure>\n","protected":false},"excerpt":{"rendered":"<p>l&rsquo;Universit\u00e9 d&rsquo;Alger 1 accueille les \u00e9v\u00e9nements comm\u00e9morant la Journ\u00e9e nationale de solidarit\u00e9 avec la Palestine.<\/p>\n","protected":false},"author":1,"featured_media":4378,"comment_status":"closed","ping_status":"closed","sticky":false,"template":"","format":"standard","meta":{"footnotes":""},"categories":[20],"tags":[],"class_list":["post-4377","post","type-post","status-publish","format-standard","has-post-thumbnail","hentry","category-evenements"],"_links":{"self":[{"href":"https:\/\/www.univ-alger.dz\/index.php?rest_route=\/wp\/v2\/posts\/4377","targetHints":{"allow":["GET"]}}],"collection":[{"href":"https:\/\/www.univ-alger.dz\/index.php?rest_route=\/wp\/v2\/posts"}],"about":[{"href":"https:\/\/www.univ-alger.dz\/index.php?rest_route=\/wp\/v2\/types\/post"}],"author":[{"embeddable":true,"href":"https:\/\/www.univ-alger.dz\/index.php?rest_route=\/wp\/v2\/users\/1"}],"replies":[{"embeddable":true,"href":"https:\/\/www.univ-alger.dz\/index.php?rest_route=%2Fwp%2Fv2%2Fcomments&post=4377"}],"version-history":[{"count":1,"href":"https:\/\/www.univ-alger.dz\/index.php?rest_route=\/wp\/v2\/posts\/4377\/revisions"}],"predecessor-version":[{"id":4379,"href":"https:\/\/www.univ-alger.dz\/index.php?rest_route=\/wp\/v2\/posts\/4377\/revisions\/4379"}],"wp:featuredmedia":[{"embeddable":true,"href":"https:\/\/www.univ-alger.dz\/index.php?rest_route=\/wp\/v2\/media\/4378"}],"wp:attachment":[{"href":"https:\/\/www.univ-alger.dz\/index.php?rest_route=%2Fwp%2Fv2%2Fmedia&parent=4377"}],"wp:term":[{"taxonomy":"category","embeddable":true,"href":"https:\/\/www.univ-alger.dz\/index.php?rest_route=%2Fwp%2Fv2%2Fcategories&post=4377"},{"taxonomy":"post_tag","embeddable":true,"href":"https:\/\/www.univ-alger.dz\/index.php?rest_route=%2Fwp%2Fv2%2Ftags&post=4377"}],"curies":[{"name":"wp","href":"https:\/\/api.w.org\/{rel}","templated":true}]}}